{"id":9613,"date":"2021-10-02T21:05:52","date_gmt":"2021-10-02T19:05:52","guid":{"rendered":"https:\/\/jol-let.com\/new\/?p=9613"},"modified":"2021-10-02T21:29:23","modified_gmt":"2021-10-02T19:29:23","slug":"anyabarat-munkakozvetites","status":"publish","type":"post","link":"https:\/\/jol-let.com\/new\/merfoldkovek\/anyabarat-munkakozvetites\/","title":{"rendered":"Anyabar\u00e1t munkak\u00f6zvet\u00edt\u00e9s"},"content":{"rendered":"<p><strong>A J\u00f3l-L\u00e9t Alap\u00edtv\u00e1ny 2002-ben Magyarorsz\u00e1gon els\u0151k\u00e9nt l\u00e9trehozta anyabar\u00e1t munkak\u00f6zvet\u00edt\u0151 \u00e9s tan\u00e1csad\u00f3 irod\u00e1j\u00e1t.<\/strong><\/p>\n<p><!--more--><\/p>\n<p>Az alap\u00edt\u00f3k a csal\u00e1di \u00e9s a munkahelyi k\u00f6telezetts\u00e9gek harmonikusabb \u00f6sszeegyeztet\u00e9s\u00e9t t\u00e1mogat\u00f3 rugalmas, illetve r\u00e9szmunkaid\u0151s foglalkoztat\u00e1s elterjeszt\u00e9s\u00e9t t\u0171zt\u00e9k ki&nbsp;c\u00e9lul. A hozz\u00e1nk fordul\u00f3 gyermeket v\u00e1llal\u00f3 n\u0151ket a terhess\u00e9gt\u0151l a sikeres \u00fajrakezd\u00e9sig seg\u00edtj\u00fck szolg\u00e1ltat\u00e1sainkkal.<\/p>\n<p>Munkak\u00f6zvet\u00edt\u0151i tev\u00e9kenys\u00e9g\u00fcnk sor\u00e1n olyan munk\u00e1ltat\u00f3kat kutatunk fel, akik hossz\u00fa t\u00e1von elk\u00f6telezett, hat\u00e9kony \u00e9s motiv\u00e1lt munkat\u00e1rsakat szeretn\u00e9nek foglalkoztatni, nyitottak az \u00fajszer\u0171 megold\u00e1sok: a rugalmas, r\u00e9sz- vagy osztott munkaid\u0151s, illetve t\u00e1vmunk\u00e1ban (is) ell\u00e1that\u00f3 munkav\u00e9gz\u00e9si form\u00e1k ir\u00e1nt.<\/p>\n<p>C\u00e9lunk a csal\u00e1di \u00e9let\u00fck \u00e9s szakmai p\u00e1lyafut\u00e1suk harmonikus \u00f6sszeegyeztet\u00e9s\u00e9re, illetve a saj\u00e1t jog\u00fa egzisztencia kialak\u00edt\u00e1s\u00e1ra t\u00f6rekv\u0151 \u00e9desany\u00e1k \u00e9s az \u00e9lenj\u00e1r\u00f3 munk\u00e1ltat\u00f3k ig\u00e9nyeinek magas sz\u00ednvonal\u00fa szolg\u00e1ltat\u00e1s ny\u00fajt\u00e1s\u00e1val t\u00f6rt\u00e9n\u0151 \u00f6sszeegyeztet\u00e9se volt.<\/p>\n","protected":false},"excerpt":{"rendered":"<p>A J\u00f3l-L\u00e9t Alap\u00edtv\u00e1ny 2002-ben Magyarorsz\u00e1gon els\u0151k\u00e9nt l\u00e9trehozta anyabar\u00e1t munkak\u00f6zvet\u00edt\u0151 \u00e9s tan\u00e1csad\u00f3 irod\u00e1j\u00e1t.<\/p>\n","protected":false},"author":1,"featured_media":0,"comment_status":"closed","ping_status":"closed","sticky":false,"template":"","format":"standard","meta":{"_et_pb_use_builder":"","_et_pb_old_content":"","_et_gb_content_width":"","ngg_post_thumbnail":0},"categories":[163],"tags":[],"_links":{"self":[{"href":"https:\/\/jol-let.com\/new\/wp-json\/wp\/v2\/posts\/9613"}],"collection":[{"href":"https:\/\/jol-let.com\/new\/wp-json\/wp\/v2\/posts"}],"about":[{"href":"https:\/\/jol-let.com\/new\/wp-json\/wp\/v2\/types\/post"}],"author":[{"embeddable":true,"href":"https:\/\/jol-let.com\/new\/wp-json\/wp\/v2\/users\/1"}],"replies":[{"embeddable":true,"href":"https:\/\/jol-let.com\/new\/wp-json\/wp\/v2\/comments?post=9613"}],"version-history":[{"count":1,"href":"https:\/\/jol-let.com\/new\/wp-json\/wp\/v2\/posts\/9613\/revisions"}],"predecessor-version":[{"id":9614,"href":"https:\/\/jol-let.com\/new\/wp-json\/wp\/v2\/posts\/9613\/revisions\/9614"}],"wp:attachment":[{"href":"https:\/\/jol-let.com\/new\/wp-json\/wp\/v2\/media?parent=9613"}],"wp:term":[{"taxonomy":"category","embeddable":true,"href":"https:\/\/jol-let.com\/new\/wp-json\/wp\/v2\/categories?post=9613"},{"taxonomy":"post_tag","embeddable":true,"href":"https:\/\/jol-let.com\/new\/wp-json\/wp\/v2\/tags?post=9613"}],"curies":[{"name":"wp","href":"https:\/\/api.w.org\/{rel}","templated":true}]}}