{"id":7166,"date":"2016-09-05T14:03:44","date_gmt":"2016-09-05T12:03:44","guid":{"rendered":"http:\/\/jol-let.com\/?p=7166"},"modified":"2016-09-05T14:03:44","modified_gmt":"2016-09-05T12:03:44","slug":"talalj-magadra-talalj-tarsakra-programunk-indul-serult-gyermeket-nevelo-anyaknak","status":"publish","type":"post","link":"https:\/\/jol-let.com\/new\/nora-tamaszpont\/talalj-magadra-talalj-tarsakra-programunk-indul-serult-gyermeket-nevelo-anyaknak\/","title":{"rendered":"\u201eTal\u00e1lj magadra, tal\u00e1lj t\u00e1rsakra!\u201d  programunk indul s\u00e9r\u00fclt gyermeket nevel\u0151 any\u00e1knak"},"content":{"rendered":"<p>Te is s\u00e9r\u00fclt gyermeket nevelsz?<\/p>\n<p>Szeretn\u00e9l v\u00e9gre kil\u00e9pni egy kicsit az otthoni elszigetelts\u00e9gb\u0151l \u00e9s \u201em\u00f3kusker\u00e9kb\u0151l\u201d?<\/p>\n<p>Szeretn\u00e9d rendszerezni \u00e9s pozit\u00edv er\u0151kk\u00e9 alak\u00edtani a gondolataidat?<\/p>\n<p>Szeretn\u00e9l hat\u00e9konyabban kommunik\u00e1lni \u2013 m\u00e9g neh\u00e9z helyzetekben is?<\/p>\n<p>Szeretn\u00e9d tiszt\u00e1bban l\u00e1tni a lehet\u0151s\u00e9geidet?<\/p>\n<p>Szeretn\u00e9l magabiztosabb \u00e9s hat\u00e1rozottabb lenni \u2013 ak\u00e1r egy \u00e1ll\u00e1sinterj\u00fan is?<\/p>\n<p>\u00dagy \u00e9rzed, mindehhez sz\u00fcks\u00e9ged volna egy kis seg\u00edts\u00e9gre, meger\u0151s\u00edt\u00e9sre, hogy b\u00e1trabban l\u00e9pj tov\u00e1bb az utadon?<\/p>\n<p>&nbsp;<\/p>\n<h2>Akkor Neked \u00e9s \u00c9rted szervezt\u00fck a\u00a0<strong><em>\u201eTal\u00e1lj magadra, tal\u00e1lj t\u00e1rsakra!\u201d<\/em><\/strong> <em>\u00a0<\/em>c\u00edm\u0171 programot!<\/h2>\n<p><em>\u00a0<\/em><\/p>\n<p>A DM \u00fczletl\u00e1nc <em>J\u00f3tettekkel egy jobb vil\u00e1g\u00e9rt<\/em> elnevez\u00e9s\u0171 p\u00e1ly\u00e1zat\u00e1nak t\u00e1mogat\u00e1s\u00e1val kifejezetten a <strong>s\u00e9r\u00fclt gyermeket nevel\u0151 any\u00e1k ig\u00e9nyeire szabott<\/strong>, szem\u00e9lyis\u00e9gfejleszt\u0151, \u00f6nbizalom-er\u0151s\u00edt\u0151 \u00e9s munkaer\u0151-piaci \u00f6nseg\u00edt\u0151 programot szervezt\u00fcnk \u00e9rintett n\u0151k bevon\u00e1s\u00e1val.<\/p>\n<p>A program megval\u00f3sul\u00e1s\u00e1t olyan n\u0151k seg\u00edtik, akik maguk is s\u00e9r\u00fclt gyermeket nevelnek, \u00edgy tiszt\u00e1ban vannak ennek a speci\u00e1lis \u00e9lethelyzetnek a kih\u00edv\u00e1saival, neh\u00e9zs\u00e9geivel, de azzal is, melyek azok a k\u00e9pess\u00e9gek, kompetenci\u00e1k, amelyekre \u00e9ppen ennek a speci\u00e1lis helyzetnek k\u00f6sz\u00f6nhet\u0151en t\u00e1maszkodni lehet.<\/p>\n<p>Ennek f\u00e9ny\u00e9ben a tr\u00e9ning nagy hangs\u00falyt fektet az \u00f6n\u00e9rt\u00e9kel\u00e9s, az \u00f6nismeret, az \u00f6nbizalom fejleszt\u00e9s\u00e9re, a szem\u00e9lyes kompetenci\u00e1k felismer\u00e9s\u00e9re \u00e9s az azokhoz kapcsol\u00f3d\u00f3 k\u00e9szs\u00e9gek \u00e9s k\u00e9pess\u00e9gek fejleszt\u00e9s\u00e9re, valamint a hat\u00e9kony kommunik\u00e1ci\u00f3s eszk\u00f6z\u00f6k elsaj\u00e1t\u00edt\u00e1s\u00e1ra is.<\/p>\n<p>A program el\u0151seg\u00edti, hogy a r\u00e9szvev\u0151k k\u00e9pess\u00e9 v\u00e1ljanak saj\u00e1t helyzet\u00fck objekt\u00edvabb meg\u00edt\u00e9l\u00e9s\u00e9re, kezel\u00e9s\u00e9re, s igyeksz\u00fcnk re\u00e1lis es\u00e9lyeket teremteni a sikeres \u00e1ll\u00e1skeres\u00e9shez is.<\/p>\n<p><strong>Biztosak vagyunk abban, hogy az \u00f6nmag\u00e1t becs\u00fcl\u0151 \u00e9s \u00e9rt\u00e9kesnek tart\u00f3 anya attit\u0171dje az eg\u00e9sz csal\u00e1d \u00e9letmin\u0151s\u00e9g\u00e9re pozit\u00edv hat\u00e1ssal van.<\/strong><\/p>\n<p>Projekt\u00fcnk keret\u00e9ben a r\u00e9sztvev\u0151 n\u0151knek ingyenes, interakt\u00edv, kiscsoportos tr\u00e9ninget szervez\u00fcnk. Az alkalmak k\u00e9thetente lesznek a k\u00f6vetkez\u0151 t\u00e9m\u00e1kban<\/p>\n<p>2016. szeptember 28. \u00d6nismeret<br \/>\nokt\u00f3ber 12. Hat\u00e9kony kommunik\u00e1ci\u00f3<br \/>\nokt\u00f3ber 26. Konfliktuskezel\u00e9s<br \/>\nnovember 9. Time-management (id\u0151kezel\u00e9s)<br \/>\nnovember 23. Lelki feldolgoz\u00e1s &#8211; csal\u00e1d, gyermek<br \/>\ndecember 7. Lelki feldolgoz\u00e1s \u2013 p\u00e1rkapcsolat<\/p>\n<p>A tr\u00e9ningsorozat egyes alkalmai 9.00-t\u0151l 13.00 \u00f3r\u00e1ig tartanak.<\/p>\n<h2>Helysz\u00edn: Budapest, \u00dcll\u0151i \u00fat (a Klinik\u00e1k metr\u00f3meg\u00e1ll\u00f3n\u00e1l)<\/h2>\n<p>A r\u00e9sztvev\u0151kt\u0151l szeretn\u00e9nk k\u00e9rni, hogy \u2013 a program hat\u00e9konys\u00e1ga \u00e9rdek\u00e9ben \u2013 lehet\u0151leg minden alkalmon jelenjenek meg.<\/p>\n<p><strong>A hat k\u00f6z\u00f6s alkalmon k\u00edv\u00fcl a r\u00e9sztvev\u0151knek el\u0151re egyeztetett id\u0151pontokban 1-1 \u00f3r\u00e1s egy\u00e9ni konzult\u00e1ci\u00f3s lehet\u0151s\u00e9get biztos\u00edtunk az \u00e9rintett t\u00e9m\u00e1k szem\u00e9lyre szabott \u00e1tbesz\u00e9l\u00e9s\u00e9re, \u00e9rdek\u00e9rv\u00e9nyes\u00edt\u00e9si k\u00e9pess\u00e9geik jav\u00edt\u00e1s\u00e1ra, illetve a munkaer\u0151piacon val\u00f3 magabiztos fell\u00e9p\u00e9s\u00fck el\u0151seg\u00edt\u00e9s\u00e9re. A programsorozatot egy k\u00f6z\u00f6s szabadid\u0151s programmal z\u00e1rjuk a kapcsolat\u00e9p\u00edt\u00e9s er\u0151s\u00edt\u00e9s\u00e9re, k\u00f6tetlen besz\u00e9lget\u00e9sek, tapasztalatcser\u00e9k el\u0151seg\u00edt\u00e9s\u00e9re <em>\u201eErre is k\u00e9pes vagyok\u201d<\/em> c\u00edmmel.<\/strong><\/p>\n<h2>Ha s\u00e9r\u00fclt gyermeket nevelsz \u00e9s a program felkeltette \u00e9rdekl\u0151d\u00e9sedet, szeretettel v\u00e1runk a r\u00e9sztvev\u0151k k\u00f6z\u00f6tt!<\/h2>\n<h2>Jelentkez\u00e9si hat\u00e1rid\u0151: 2016. szeptember 16. p\u00e9ntek<\/h2>\n<p>Jelentkezni az al\u00e1bbi jelentkez\u00e9si lap kit\u00f6lt\u00e9s\u00e9vel lehet:<\/p>\n<p><a href=\"https:\/\/docs.google.com\/forms\/d\/e\/1FAIpQLScitOdGGd497UWpTWrzjuNDRiAmQ3u94hNyAfW1Ie-0RyFV0Q\/viewform\">https:\/\/docs.google.com\/forms\/d\/e\/1FAIpQLScitOdGGd497UWpTWrzjuNDRiAmQ3u94hNyAfW1Ie-0RyFV0Q\/viewform<\/a><\/p>\n<p>Sz\u00fcks\u00e9g eset\u00e9n tov\u00e1bbi inform\u00e1ci\u00f3 k\u00e9rhet\u0151 a <a href=\"mailto:trening.jollet@gmail.com\">trening.jollet@gmail.com<\/a> c\u00edmen, illetve K\u00e1nya King\u00e1t\u00f3l a +36\/20\/338-3315-\u00f6s telefonsz\u00e1mon.<\/p>\n<p>R\u00f3lunk:<\/p>\n<p>A J\u00f3l-L\u00e9t Alap\u00edtv\u00e1ny k\u00fcldet\u00e9se, hogy hozz\u00e1j\u00e1ruljon a n\u0151k \u00e9s f\u00e9rfiak egyenl\u0151s\u00e9g\u00e9n alapul\u00f3 t\u00e1rsadalomhoz. Az\u00e9rt dolgozunk, hogy minden n\u0151 \u00e9s f\u00e9rfi azz\u00e1 v\u00e1lhasson, akiv\u00e9 szeretne. Ennek \u00e9rdek\u00e9ben folytatjuk szeml\u00e9letform\u00e1l\u00f3 kamp\u00e1nyainkat, ny\u00fajtjuk szak\u00e9rt\u0151i szolg\u00e1ltat\u00e1sainkat az egy\u00e9nek, a munk\u00e1ltat\u00f3k \u00e9s a szakmapolitikai d\u00f6nt\u00e9shoz\u00f3k sz\u00e1m\u00e1ra.<\/p>\n<p>Az alap\u00edtv\u00e1ny c\u00e9lja a n\u0151k munkaer\u0151-piaci es\u00e9lyegyenl\u0151s\u00e9g\u00e9nek \u00e9s gazdas\u00e1gi \u00f6n\u00e1ll\u00f3s\u00e1g\u00e1nak el\u0151seg\u00edt\u00e9se; programjainkkal a n\u0151k \u00e9let\u00e9nek, munka \u00e9s mag\u00e1n\u00e9let egyens\u00faly\u00e1nak \u00e9s kiteljesed\u00e9s\u00e9nek seg\u00edt\u00e9se. <strong>\u00a0<\/strong><\/p>\n<p>Tev\u00e9kenys\u00e9g\u00fcnkr\u0151l m\u00e9g t\u00f6bbet megtudhatsz a www.jol-let.com honlapon.<\/p>\n","protected":false},"excerpt":{"rendered":"<p>Te is s\u00e9r\u00fclt gyermeket nevelsz? Szeretn\u00e9l v\u00e9gre kil\u00e9pni egy kicsit az otthoni elszigetelts\u00e9gb\u0151l \u00e9s \u201em\u00f3kusker\u00e9kb\u0151l\u201d? Szeretn\u00e9d rendszerezni \u00e9s pozit\u00edv er\u0151kk\u00e9 alak\u00edtani a gondolataidat? Szeretn\u00e9l hat\u00e9konyabban kommunik\u00e1lni \u2013 m\u00e9g neh\u00e9z helyzetekben is? Szeretn\u00e9d tiszt\u00e1bban l\u00e1tni a lehet\u0151s\u00e9geidet? Szeretn\u00e9l magabiztosabb \u00e9s hat\u00e1rozottabb lenni \u2013 ak\u00e1r egy \u00e1ll\u00e1sinterj\u00fan is? \u00dagy \u00e9rzed, mindehhez sz\u00fcks\u00e9ged volna egy kis seg\u00edts\u00e9gre, meger\u0151s\u00edt\u00e9sre, [&hellip;]<\/p>\n","protected":false},"author":7,"featured_media":3655,"comment_status":"closed","ping_status":"closed","sticky":false,"template":"","format":"standard","meta":{"_et_pb_use_builder":"","_et_pb_old_content":"","_et_gb_content_width":"","ngg_post_thumbnail":0},"categories":[139],"tags":[148,149,150,151,74,51],"_links":{"self":[{"href":"https:\/\/jol-let.com\/new\/wp-json\/wp\/v2\/posts\/7166"}],"collection":[{"href":"https:\/\/jol-let.com\/new\/wp-json\/wp\/v2\/posts"}],"about":[{"href":"https:\/\/jol-let.com\/new\/wp-json\/wp\/v2\/types\/post"}],"author":[{"embeddable":true,"href":"https:\/\/jol-let.com\/new\/wp-json\/wp\/v2\/users\/7"}],"replies":[{"embeddable":true,"href":"https:\/\/jol-let.com\/new\/wp-json\/wp\/v2\/comments?post=7166"}],"version-history":[{"count":0,"href":"https:\/\/jol-let.com\/new\/wp-json\/wp\/v2\/posts\/7166\/revisions"}],"wp:featuredmedia":[{"embeddable":true,"href":"https:\/\/jol-let.com\/new\/wp-json\/wp\/v2\/media\/3655"}],"wp:attachment":[{"href":"https:\/\/jol-let.com\/new\/wp-json\/wp\/v2\/media?parent=7166"}],"wp:term":[{"taxonomy":"category","embeddable":true,"href":"https:\/\/jol-let.com\/new\/wp-json\/wp\/v2\/categories?post=7166"},{"taxonomy":"post_tag","embeddable":true,"href":"https:\/\/jol-let.com\/new\/wp-json\/wp\/v2\/tags?post=7166"}],"curies":[{"name":"wp","href":"https:\/\/api.w.org\/{rel}","templated":true}]}}