{"id":5136,"date":"2013-02-18T22:50:54","date_gmt":"2013-02-18T21:50:54","guid":{"rendered":"http:\/\/jol-let.com\/?page_id=5136"},"modified":"2021-08-27T16:21:32","modified_gmt":"2021-08-27T14:21:32","slug":"biztonsagos-varandossag-biztonsagos-munkahely-tanulmany","status":"publish","type":"post","link":"https:\/\/jol-let.com\/new\/hirek\/biztonsagos-varandossag-biztonsagos-munkahely-tanulmany\/","title":{"rendered":"Biztons\u00e1gos v\u00e1rand\u00f3ss\u00e1g biztons\u00e1gos munkahely tanulm\u00e1ny"},"content":{"rendered":"<p>Biztons\u00e1gos v\u00e1rand\u00f3ss\u00e1g biztons\u00e1g munkahely c\u00edm\u0171 kutat\u00e1sunk keret\u00e9ben azokat a pszichoszoci\u00e1lis kock\u00e1zatokat vizsg\u00e1ltuk, amelyek v\u00e1rand\u00f3ss\u00e1g alatt \u00e9rik a munkav\u00e1llal\u00f3kat.<\/p>\n<p>A nem reprezentat\u00edv kutat\u00e1sban keret\u00e9ben multinacion\u00e1lis \u00e9s nagyv\u00e1llalatok HR vezet\u0151l \u00e9s v\u00e1rand\u00f3s munkav\u00e1llal\u00f3i vettek r\u00e9szt.<\/p>\n<p>A kutat\u00e1s z\u00e1r\u00f3tanulm\u00e1nya let\u00f6lthet\u0151:<\/p>\n<p><a href=\"http:\/\/jol-let.com\/kiadvanyok\/biztonsagos-varandossag-biztonsagos-munkahely-tanulmany\/attachment\/ommf-kut2013_final_beszamolo\/\" rel=\"attachment wp-att-5191\"><a href=\"http:\/\/jol-let.com\/kiadvanyok\/biztonsagos-varandossag-biztonsagos-munkahely-tanulmany\/attachment\/ommf-kutatasi_final_beszamolo2013\/\" rel=\"attachment wp-att-6094\">OMMF-kutatasi_final_beszamolo2013<\/a><\/a><\/p>\n<p><em>A kutat\u00e1s a\u00a0Nemzeti Munka\u00fcgyi Hivatal \u00e1ltal a munkav\u00e9delmi b\u00edrs\u00e1gok felhaszn\u00e1l\u00e1sa sor\u00e1n ny\u00fajtott t\u00e1mogat\u00e1sb\u00f3l val\u00f3sult meg.<\/em><\/p>\n","protected":false},"excerpt":{"rendered":"<p>Biztons\u00e1gos v\u00e1rand\u00f3ss\u00e1g biztons\u00e1g munkahely c\u00edm\u0171 kutat\u00e1sunk keret\u00e9ben azokat a pszichoszoci\u00e1lis kock\u00e1zatokat vizsg\u00e1ltuk, amelyek v\u00e1rand\u00f3ss\u00e1g alatt \u00e9rik a munkav\u00e1llal\u00f3kat. A nem reprezentat\u00edv kutat\u00e1sban keret\u00e9ben multinacion\u00e1lis \u00e9s nagyv\u00e1llalatok HR vezet\u0151l \u00e9s v\u00e1rand\u00f3s munkav\u00e1llal\u00f3i vettek r\u00e9szt. A kutat\u00e1s z\u00e1r\u00f3tanulm\u00e1nya let\u00f6lthet\u0151: OMMF-kutatasi_final_beszamolo2013 A kutat\u00e1s a\u00a0Nemzeti Munka\u00fcgyi Hivatal \u00e1ltal a munkav\u00e9delmi b\u00edrs\u00e1gok felhaszn\u00e1l\u00e1sa sor\u00e1n ny\u00fajtott t\u00e1mogat\u00e1sb\u00f3l val\u00f3sult meg.<\/p>\n","protected":false},"author":7,"featured_media":0,"comment_status":"closed","ping_status":"closed","sticky":false,"template":"","format":"standard","meta":{"_et_pb_use_builder":"","_et_pb_old_content":"","_et_gb_content_width":"","ngg_post_thumbnail":0},"categories":[],"tags":[],"_links":{"self":[{"href":"https:\/\/jol-let.com\/new\/wp-json\/wp\/v2\/posts\/5136"}],"collection":[{"href":"https:\/\/jol-let.com\/new\/wp-json\/wp\/v2\/posts"}],"about":[{"href":"https:\/\/jol-let.com\/new\/wp-json\/wp\/v2\/types\/post"}],"author":[{"embeddable":true,"href":"https:\/\/jol-let.com\/new\/wp-json\/wp\/v2\/users\/7"}],"replies":[{"embeddable":true,"href":"https:\/\/jol-let.com\/new\/wp-json\/wp\/v2\/comments?post=5136"}],"version-history":[{"count":0,"href":"https:\/\/jol-let.com\/new\/wp-json\/wp\/v2\/posts\/5136\/revisions"}],"wp:attachment":[{"href":"https:\/\/jol-let.com\/new\/wp-json\/wp\/v2\/media?parent=5136"}],"wp:term":[{"taxonomy":"category","embeddable":true,"href":"https:\/\/jol-let.com\/new\/wp-json\/wp\/v2\/categories?post=5136"},{"taxonomy":"post_tag","embeddable":true,"href":"https:\/\/jol-let.com\/new\/wp-json\/wp\/v2\/tags?post=5136"}],"curies":[{"name":"wp","href":"https:\/\/api.w.org\/{rel}","templated":true}]}}