{"id":10485,"date":"2026-08-26T09:17:05","date_gmt":"2026-08-26T07:17:05","guid":{"rendered":"https:\/\/jol-let.com\/new\/?p=10485"},"modified":"2026-08-26T09:20:52","modified_gmt":"2026-08-26T07:20:52","slug":"sajtokozlemeny","status":"publish","type":"post","link":"https:\/\/jol-let.com\/new\/hirek\/sajtokozlemeny\/","title":{"rendered":"Sajt\u00f3k\u00f6zlem\u00e9ny"},"content":{"rendered":"<table style=\"width: 684px;\" width=\"633\">\n<tbody>\n<tr>\n<td style=\"width: 124.567px;\"><img loading=\"lazy\" decoding=\"async\" class=\"wp-image-531 aligncenter\" src=\"https:\/\/jol-let.com\/new\/wp-content\/uploads\/2021\/08\/logo-tp.png\" alt=\"\" width=\"153\" height=\"227\"><\/td>\n<td style=\"width: 289.9px;\">\n<h1><strong>SAJT\u00d3K\u00d6ZLEM\u00c9NY<\/strong><\/h1>\n<p style=\"text-align: center;\"><em>2026. augusztus 20. &#8211; Veszpr\u00e9m<\/em><\/p>\n<\/td>\n<td style=\"width: 249.133px;\">&nbsp;&nbsp;&nbsp;&nbsp;&nbsp;&nbsp;&nbsp;&nbsp;&nbsp;&nbsp;&nbsp;&nbsp;&nbsp;&nbsp;&nbsp;&nbsp;&nbsp;&nbsp;&nbsp; <img loading=\"lazy\" decoding=\"async\" class=\"alignnone wp-image-10370\" src=\"https:\/\/jol-let.com\/new\/wp-content\/uploads\/2026\/05\/hosnoktere.png\" alt=\"\" width=\"183\" height=\"159\">&nbsp;&nbsp;&nbsp;&nbsp;&nbsp;&nbsp;&nbsp;&nbsp;&nbsp;<\/td>\n<\/tr>\n<\/tbody>\n<\/table>\n<p style=\"text-align: center;\"><strong>A kir\u00e1lyn\u00e9k v\u00e1rosa eml\u00e9keztet: a n\u0151k nem maradhatatlan l\u00e1thatatlanok az \u00faj alkotm\u00e1nyban sem<\/strong><\/p>\n<p style=\"text-align: center;\"><strong>A t\u00e9nyleges egyenl\u0151s\u00e9ghez nem el\u00e9g a n\u0151k jelenl\u00e9te: jogaiknak, tapasztalataiknak \u00e9s tud\u00e1suknak alak\u00edtaniuk kell az \u00faj alkotm\u00e1nyt &#8211; \u00e9s ehhez a f\u00e9rfiak felel\u0151ss\u00e9gv\u00e1llal\u00e1s\u00e1ra is sz\u00fcks\u00e9g van.<\/strong><\/p>\n<p>&nbsp; &nbsp; &nbsp; &nbsp; &nbsp; &nbsp; &nbsp; &nbsp; &nbsp; &nbsp; &nbsp; &nbsp; &nbsp; &nbsp; &nbsp; &nbsp; &nbsp; &nbsp; &nbsp; &nbsp; &nbsp; &nbsp; &nbsp; &nbsp; &nbsp; &nbsp; &nbsp; &nbsp; &nbsp; &nbsp; &nbsp; &nbsp; &nbsp; &nbsp; &nbsp; &nbsp; &nbsp; &nbsp; &nbsp; &nbsp;<\/p>\n<p>Augusztus 20-\u00e1n az ezer\u00e9ves magyar \u00e1llamot \u00fcnnepelj\u00fck. Az idei \u00fcnneps\u00e9gsorozat hivatalos c\u00edme &#8211; \u201e<a href=\"https:\/\/kormany.hu\/hirek\/augusztus-20-ezereves-unnep-ertekes-tradiciokkal-es-kortars-elemekkel\">Augusztus 20.: a nemzet \u00fcnnepe, ezer \u00e9ve egy\u00fctt Eur\u00f3p\u00e1ban<\/a>\u201d &#8211; partners\u00e9get \u00e9s nyitotts\u00e1got \u00edg\u00e9r, a k\u00f6z\u00f6s m\u00faltb\u00f3l \u00e9p\u00edtkezve form\u00e1ljuk a j\u00f6v\u0151t. De az egy\u00fctt nem lehet teljes, ha a t\u00f6rt\u00e9netb\u0151l kihagyjuk azokat, akik m\u00e1r az \u00e1llamalap\u00edt\u00e1snak is r\u00e9szesei voltak.<\/p>\n<p>Veszpr\u00e9m, a kir\u00e1lyn\u00e9k v\u00e1rosa, Gizella kir\u00e1lyn\u00e9 \u00f6r\u00f6ks\u00e9g\u00e9t \u0151rzi. A v\u00e1ros \u00e9s a veszpr\u00e9mi egyh\u00e1z m\u00e1r az \u00e1llamalap\u00edt\u00e1s kor\u00e1t\u00f3l szorosan kapcsol\u00f3dott a magyar kir\u00e1lyn\u00e9khoz; <a href=\"https:\/\/www.magyarkurir.hu\/hirek\/a-veszpremi-puspok-kiralyne-koronazo-jogat-biztosito-oklevel-erseksegi-ekessegek-17\">1216-ban oklev\u00e9l er\u0151s\u00edtette meg a veszpr\u00e9mi p\u00fcsp\u00f6k kir\u00e1lyn\u00e9-koron\u00e1z\u00e1si jog\u00e1t<\/a>, a kir\u00e1lyn\u00e9i kancell\u00e1ri tiszts\u00e9g pedig szint\u00e9n Veszpr\u00e9mhez k\u00f6t\u0151d\u00f6tt.<\/p>\n<p>Az \u00e1llamalap\u00edt\u00e1s nem kiz\u00e1r\u00f3lag a f\u00e9rfiak t\u00f6rt\u00e9nete. A n\u0151k a kezdetekt\u0151l Magyarorsz\u00e1g fennmarad\u00e1s\u00e1nak \u00e9s fejl\u0151d\u00e9s\u00e9nek akt\u00edv szerepl\u0151i &#8211; a nemzeti eml\u00e9kezet azonban alig tesz eml\u00edt\u00e9st r\u00f3luk.<\/p>\n<p>A f\u0151v\u00e1ros egyik legfontosabb szimbolikus tere, a H\u0151s\u00f6k tere a magyar t\u00f6rt\u00e9nelem f\u00e9rfi h\u0151seit \u00e1ll\u00edtja k\u00f6z\u00e9ppontba: a Millenniumi eml\u00e9km\u0171 oszlopcsarnok\u00e1ban Szent Istv\u00e1n, Szent L\u00e1szl\u00f3, K\u00e1lm\u00e1n, IV. B\u00e9la, K\u00e1roly R\u00f3bert, Hunyadi J\u00e1nos, M\u00e1ty\u00e1s kir\u00e1ly, majd Bocskai Istv\u00e1n, Bethlen G\u00e1bor, Th\u00f6k\u00f6ly Imre, II. R\u00e1k\u00f3czi Ferenc \u00e9s Kossuth Lajos szobra \u00e1ll &#8211; n\u0151i t\u00f6rt\u00e9nelmi alak egy sincs k\u00f6z\u00f6tt\u00fck. A t\u00e9r emellett a magyar demokr\u00e1cia egyik legfontosabb sz\u00edntere is. Emiatt ma k\u00fcl\u00f6n\u00f6sen fontos, hogy a m\u00falt mellett a jelen h\u0151sn\u0151i is l\u00e1that\u00f3v\u00e1 v\u00e1ljanak. A J\u00d3L-L\u00c9T Alap\u00edtv\u00e1ny H\u0151sn\u0151k Tere kezdem\u00e9nyez\u00e9se 2021-ben abb\u00f3l a gondolatb\u00f3l indult ki, hogy hozzunk l\u00e9tre egy n\u0151i panteont: olyan helyet teremts\u00fcnk mindazoknak, akik n\u0151k\u00e9nt, a f\u00e9rfiak \u00e1ltal domin\u00e1lt k\u00f6z\u00e9letben, tudom\u00e1nyban, kult\u00far\u00e1ban vagy t\u00e1rsadalomban alkottak maradand\u00f3t. Programunk az\u00f3ta a n\u0151k m\u00e9lt\u00f3 \u00e9s ar\u00e1nyos politikai, t\u00e1rsadalmi \u00e9s gazdas\u00e1gi szerepv\u00e1llal\u00e1s\u00e1t, nagyobb k\u00f6z\u00e9leti l\u00e1that\u00f3s\u00e1g\u00e1t \u00e9s biztons\u00e1gos r\u00e9szv\u00e9tel\u00e9t er\u0151s\u00edt\u0151 kezdem\u00e9nyez\u00e9ss\u00e9 fejl\u0151d\u00f6tt.<\/p>\n<p>A kir\u00e1lyn\u00e9k v\u00e1ros\u00e1b\u00f3l, demokr\u00e1ci\u00e1nk meg\u00fajul\u00e1s\u00e1nak lehet\u0151s\u00e9g\u00e9t \u00fcdv\u00f6z\u00f6lve azt \u00fczenj\u00fck: legyen augusztus 20. a nemek egyenl\u0151s\u00e9g\u00e9nek \u00e9s a k\u00f6z\u00f6s felel\u0151ss\u00e9gv\u00e1llal\u00e1snak is szimbolikus kiindul\u00f3pontja.<\/p>\n<p>A most indul\u00f3, <a href=\"https:\/\/njt.jog.gov.hu\/jogszabaly\/2026-17-04-00\">sz\u00e9les k\u00f6r\u0171 t\u00e1rsadalmi egyeztet\u00e9sre \u00e9p\u00fcl\u0151 alkotm\u00e1nyoz\u00e1si folyamat<\/a> k\u00fcl\u00f6nleges lehet\u0151s\u00e9get teremt arra, hogy Magyarorsz\u00e1g t\u00fall\u00e9pjen azon a szeml\u00e9leten, amely a n\u0151ket els\u0151sorban csal\u00e1di \u00e9s reprodukt\u00edv szerepeiken kereszt\u00fcl \u00e9rt\u00e9keli, \u00e9s teljes jog\u00fa politikai, t\u00e1rsadalmi \u00e9s gazdas\u00e1gi szerepl\u0151k\u00e9nt ismerje el \u0151ket.<\/p>\n<p>A J\u00d3L-L\u00c9T Alap\u00edtv\u00e1ny \u00e9s nemzetk\u00f6zi partnerei \u00e1ltal 2025-2026-ban parlamenti k\u00e9pvisel\u0151n\u0151k k\u00f6r\u00e9ben v\u00e9gzett, a n\u0151k elleni politikai er\u0151szakot vizsg\u00e1l\u00f3 +3R kutat\u00e1s, \u00e9s az arra \u00e9p\u00fcl\u0151 \u201e<a href=\"https:\/\/jol-let.com\/new\/hirek\/hatalom-reszvetel-biztonsag-nok-a-megujulo-kozeletben\/\">Hatalom, r\u00e9szv\u00e9tel, biztons\u00e1g<\/a>, n\u0151k a meg\u00fajul\u00f3 k\u00f6z\u00e9letben\u201d c\u00edm\u0171 eduk\u00e1ci\u00f3s program azt mutatta meg, hogy a n\u0151i politikusokat \u00e9r\u0151 nemi alap\u00fa t\u00e1mad\u00e1sok nem elszigetelt incidensek. A k\u00f6z\u00e9leti \u00e9s k\u00f6zterekben elk\u00f6vetett er\u0151szak (pszichol\u00f3giai, verb\u00e1lis, fizikai, gazdas\u00e1gi) \u00e9s az online tereket \u00e1titat\u00f3 b\u00e1ntalmaz\u00e1s, zaklat\u00e1s, szexu\u00e1lis t\u00e1mad\u00e1s, fenyeget\u00e9s, illetve az int\u00e9zm\u00e9nyi v\u00e9delem hi\u00e1nya \u00e9s a k\u00f6vetkezm\u00e9nyek elmarad\u00e1sa egym\u00e1st er\u0151s\u00edt\u0151 mint\u00e1zatot alkot.<\/p>\n<p><a href=\"https:\/\/eige.europa.eu\/gender-equality-index\/2025\/domain\/violence\/HU\">Az EIGE legfrissebb adatai<\/a> szerint Magyarorsz\u00e1gon a n\u0151k csaknem fele (49,1%-a) tapasztalt m\u00e1r \u00e9lete sor\u00e1n fizikai er\u0151szakot vagy fenyeget\u00e9st, illetve szexu\u00e1lis er\u0151szakot &#8211; mik\u00f6zben az Alapt\u00f6rv\u00e9ny XV. cikk\u00e9nek (3) bekezd\u00e9se ma csak annyit mond ki: \u201ea n\u0151k \u00e9s a f\u00e9rfiak egyenjog\u00faak\u201d. A form\u00e1lis egyenl\u0151s\u00e9g \u00f6nmag\u00e1ban nem el\u00e9g: a n\u0151k emberi jogainak kik\u00e9nyszer\u00edthet\u0151s\u00e9ge \u00e1ltal\u00e1nos szeml\u00e9leti, gyakorlati \u00e9s int\u00e9zm\u00e9nyi akad\u00e1lyokba \u00fctk\u00f6zik.<\/p>\n<p>A v\u00e1laszt\u00e1sok ut\u00e1n lezajlott eduk\u00e1ci\u00f3s programjainkon is azt tapasztaltuk: a v\u00e1ltoz\u00e1s ir\u00e1nti ig\u00e9ny val\u00f3s, de a rendszerszint\u0171 akad\u00e1lyokat a n\u0151k nem tudj\u00e1k egyed\u00fcl \u00e1tt\u00f6rni. Ehhez egym\u00e1s ir\u00e1nti szolidarit\u00e1sukra \u00e9s a nemek egyenl\u0151s\u00e9ge mellett elk\u00f6telezett f\u00e9rfi sz\u00f6vets\u00e9gesekre is sz\u00fcks\u00e9g van.<\/p>\n<p>Ez\u00e9rt a H\u0151sn\u0151k Tere kezdem\u00e9nyez\u00e9s most ny\u00edltan \u00fczeni: a n\u0151k biztons\u00e1g\u00e1\u00e9rt, jogai\u00e9rt \u00e9s r\u00e9szv\u00e9tel\u00e9\u00e9rt, valamint a demokratikus k\u00f6z\u00e9let biztons\u00e1g\u00e1\u00e9rt a f\u00e9rfiaknak is felel\u0151ss\u00e9get kell v\u00e1llalniuk &#8211; nem passz\u00edv \u201et\u00e1mogat\u00f3k\u00e9nt\u201d, hanem saj\u00e1t k\u00f6rnyezet\u00fck norm\u00e1inak akt\u00edv alak\u00edt\u00f3ik\u00e9nt: politikusk\u00e9nt, vezet\u0151k\u00e9nt, \u00fajs\u00e1g\u00edr\u00f3k\u00e9nt, tan\u00e1csad\u00f3k\u00e9nt, munkat\u00e1rsk\u00e9nt \u00e9s \u00e1llampolg\u00e1rk\u00e9nt.<\/p>\n<p>Nem \u201en\u0151i fejezetet\u201d k\u00e9r\u00fcnk az \u00faj alkotm\u00e1nyban. Azt k\u00e9rj\u00fck, hogy:<\/p>\n<ol>\n<li>legyen \u00e9rdemi, rendszeres egyeztet\u00e9s a n\u0151jogi \u00e9s civil szervezetekkel;<\/li>\n<li>minden alkotm\u00e1nyos javaslatt\u00e9telt k\u00eds\u00e9rje a n\u0151kre gyakorolt hat\u00e1sokat is vizsg\u00e1l\u00f3 elemz\u00e9s;<\/li>\n<li>az alkotm\u00e1ny ne csak a form\u00e1lis egyenjog\u00fas\u00e1got mondja ki, hanem biztos\u00edtsa a n\u0151k t\u00e9nyleges \u00e9s egyenl\u0151 r\u00e9szv\u00e9tel\u00e9nek alkotm\u00e1nyos garanci\u00e1it, teremtse meg a t\u00e9nyleges egyenl\u0151s\u00e9g felt\u00e9teleit, \u00e9s garant\u00e1lja a h\u00e1tr\u00e1nyos megk\u00fcl\u00f6nb\u00f6ztet\u00e9s minden form\u00e1j\u00e1val szembeni fell\u00e9p\u00e9st;<\/li>\n<li>v\u00e9dje a n\u0151k m\u00e9lt\u00f3s\u00e1g\u00e1t, auton\u00f3mi\u00e1j\u00e1t \u00e9s biztons\u00e1g\u00e1t, ismerje el a gondoskod\u00e1s t\u00e1rsadalmi \u00e9rt\u00e9k\u00e9t, \u00e9s tegye egy\u00e9rtelm\u0171v\u00e9 az \u00e1llam felel\u0151ss\u00e9g\u00e9t a n\u0151kkel szembeni er\u0151szak megel\u0151z\u00e9s\u00e9ben \u00e9s felsz\u00e1mol\u00e1s\u00e1ban;<\/li>\n<li>mondja ki, hogy a nemek k\u00f6z\u00f6tti egyenl\u0151s\u00e9g el\u0151mozd\u00edt\u00e1sa \u00e1llami feladat, \u00e9s biztos\u00edtsa az ehhez sz\u00fcks\u00e9ges jogalkot\u00e1si \u00e9s szakpolitikai k\u00f6rnyezetet.<\/li>\n<\/ol>\n<p>A J\u00d3L-L\u00c9T Alap\u00edtv\u00e1ny ez\u00e9rt nemcsak javaslatokat fogalmaz meg: a +3R kutat\u00e1sra \u00e9p\u00fcl\u0151 k\u00e9pz\u00e9si programj\u00e1val k\u00e9sz szakmai t\u00e1mogat\u00e1st ny\u00fajtani parlamenti k\u00e9pvisel\u0151knek, politikai \u00e9s int\u00e9zm\u00e9nyi vezet\u0151knek, valamint munkat\u00e1rsaiknak a biztons\u00e1gosabb, egyenl\u0151bb \u00e9s felel\u0151sebb k\u00f6z\u00e9leti kult\u00fara kialak\u00edt\u00e1s\u00e1hoz.<\/p>\n<p>A n\u0151k nem alkotnak homog\u00e9n csoportot. A folyamatban meg kell hallani a vid\u00e9ken \u00e9l\u0151, roma, fogyat\u00e9koss\u00e1ggal \u00e9l\u0151, szeg\u00e9nys\u00e9gben \u00e9l\u0151, gyermeket nevel\u0151 \u00e9s gyermektelen, fiatal \u00e9s id\u0151s, gondoz\u00e1si feladatokat v\u00e9gz\u0151 n\u0151k, valamint az er\u0151szak t\u00fal\u00e9l\u0151inek tapasztalatait is.<\/p>\n<p>Augusztus 20-\u00e1n nemcsak a magyar \u00e1llamis\u00e1g l\u00e9trej\u00f6tt\u00e9t \u00fcnnepelj\u00fck. Az \u00faj keny\u00e9r \u00fcnnepe az \u00fajrakezd\u00e9s lehet\u0151s\u00e9ge is. A 2026-os v\u00e1laszt\u00e1sok politikai fordulata t\u00f6rt\u00e9nelmi lehet\u0151s\u00e9get teremt arra, hogy a n\u0151k biztons\u00e1ga \u00e9s r\u00e9szv\u00e9tele ne maradjon tov\u00e1bb tabut\u00e9ma.<\/p>\n<p>Most d\u0151l el, milyen Magyarorsz\u00e1got \u00e9p\u00edt\u00fcnk tov\u00e1bb: olyat, amely ism\u00e9t l\u00e1thatatlann\u00e1 teszi a n\u0151ket, vagy olyan orsz\u00e1got, amely v\u00e9gre az orsz\u00e1g j\u00f6v\u0151j\u00e9nek teljes jog\u00fa alak\u00edt\u00f3ik\u00e9nt ismeri el \u0151ket, \u00e9s amelyben a f\u00e9rfiak is felel\u0151ss\u00e9get v\u00e1llalnak ez\u00e9rt.<\/p>\n<p>Magyarorsz\u00e1got n\u0151k is \u00e9p\u00edtett\u00e9k. Meg\u00e9rdemlik, hogy az \u00faj magyar alkotm\u00e1nyban tapasztalataik, jogaik \u00e9s szempontjaik teljes s\u00fallyal jelen legyenek, \u00e9s hogy a t\u00e9nyleges egyenl\u0151s\u00e9g megteremt\u00e9s\u00e9\u00e9rt a f\u00e9rfiak is v\u00e1llalj\u00e1k a r\u00e1juk es\u0151 felel\u0151ss\u00e9get.<\/p>\n<p>Kutat\u00e1si eredm\u00e9nyeinkr\u0151l, a H\u0151sn\u0151k Tere kezdem\u00e9nyez\u00e9sr\u0151l, a k\u00f6z\u00e9let tereiben m\u0171k\u00f6d\u0151 szerepl\u0151k sz\u00e1m\u00e1ra ind\u00edtott k\u00e9pz\u00e9sekr\u0151l k\u00e9szs\u00e9ggel adunk b\u0151vebb inform\u00e1ci\u00f3t.<\/p>\n<p><strong>&nbsp;<\/strong>A sajt\u00f3k\u00f6zlem\u00e9ny PDF form\u00e1tumban is el\u00e9rhet\u0151: <a href=\"https:\/\/jol-let.com\/new\/wp-content\/uploads\/2026\/08\/JOL-LET-Alapitvany_Hosnok_Tere_Nok-az-alkotmanyban_-Sajtokozlemeny_2026.augusztus-20.pdf\">LET\u00d6LT\u00c9S<\/a><\/p>\n<p><strong>Kapcsolat:<\/strong><\/p>\n<table>\n<tbody>\n<tr>\n<td width=\"349\">Keveh\u00e1zi Kata &#8211; J\u00d3L-L\u00c9T Alap\u00edtv\u00e1ny<\/p>\n<p>ahosnoktere@gmail.com | +36 20 973 2803<\/td>\n<td width=\"349\">Dr. Sz\u00e9l Bernadett &#8211; \u00e9rdek\u00e9rv\u00e9nyes\u00edt\u00e9si szak\u00e9rt\u0151<\/p>\n<p>J\u00d3L-L\u00c9T Alap\u00edtv\u00e1ny | +3R Projekt | H\u0151sn\u0151k Tere<\/td>\n<\/tr>\n<\/tbody>\n<\/table>\n<p>&nbsp;<\/p>\n","protected":false},"excerpt":{"rendered":"<p>SAJT\u00d3K\u00d6ZLEM\u00c9NY 2026. augusztus 20. &#8211; Veszpr\u00e9m &nbsp;&nbsp;&nbsp;&nbsp;&nbsp;&nbsp;&nbsp;&nbsp;&nbsp;&nbsp;&nbsp;&nbsp;&nbsp;&nbsp;&nbsp;&nbsp;&nbsp;&nbsp;&nbsp; &nbsp;&nbsp;&nbsp;&nbsp;&nbsp;&nbsp;&nbsp;&nbsp;&nbsp; A kir\u00e1lyn\u00e9k v\u00e1rosa eml\u00e9keztet: a n\u0151k nem maradhatatlan l\u00e1thatatlanok az \u00faj alkotm\u00e1nyban sem A t\u00e9nyleges egyenl\u0151s\u00e9ghez nem el\u00e9g a n\u0151k jelenl\u00e9te: jogaiknak, tapasztalataiknak \u00e9s tud\u00e1suknak alak\u00edtaniuk kell az \u00faj alkotm\u00e1nyt &#8211; \u00e9s ehhez a f\u00e9rfiak felel\u0151ss\u00e9gv\u00e1llal\u00e1s\u00e1ra is sz\u00fcks\u00e9g van. &nbsp; &nbsp; &nbsp; &nbsp; &nbsp; &nbsp; &nbsp; &nbsp; [&hellip;]<\/p>\n","protected":false},"author":14,"featured_media":0,"comment_status":"closed","ping_status":"closed","sticky":false,"template":"","format":"standard","meta":{"_et_pb_use_builder":"","_et_pb_old_content":"","_et_gb_content_width":"","ngg_post_thumbnail":0,"footnotes":""},"categories":[1,138,26,162],"tags":[],"class_list":["post-10485","post","type-post","status-publish","format-standard","hentry","category-hirek","category-kiemelt","category-projektek","category-szervezeteknek"],"aioseo_notices":[],"aioseo_head":"\n\t\t<!-- All in One SEO 4.9.9 - aioseo.com -->\n\t<meta name=\"description\" content=\"SAJT\u00d3K\u00d6ZLEM\u00c9NY 2026. augusztus 20. - Veszpr\u00e9m A kir\u00e1lyn\u00e9k v\u00e1rosa eml\u00e9keztet: a n\u0151k nem maradhatatlan l\u00e1thatatlanok az \u00faj alkotm\u00e1nyban sem A t\u00e9nyleges egyenl\u0151s\u00e9ghez nem el\u00e9g a n\u0151k jelenl\u00e9te: jogaiknak, tapasztalataiknak \u00e9s tud\u00e1suknak alak\u00edtaniuk kell az \u00faj alkotm\u00e1nyt - \u00e9s ehhez a f\u00e9rfiak felel\u0151ss\u00e9gv\u00e1llal\u00e1s\u00e1ra is sz\u00fcks\u00e9g van.\" \/>\n\t<meta name=\"robots\" content=\"max-image-preview:large\" \/>\n\t<meta name=\"author\" content=\"Keveh\u00e1zi Kata\"\/>\n\t<link rel=\"canonical\" href=\"https:\/\/jol-let.com\/new\/hirek\/sajtokozlemeny\/\" \/>\n\t<meta name=\"generator\" content=\"All in One SEO (AIOSEO) 4.9.9\" \/>\n\t\t<meta property=\"og:locale\" content=\"hu_HU\" \/>\n\t\t<meta property=\"og:site_name\" content=\"J\u00d3L-L\u00c9T Alap\u00edtv\u00e1ny - Es\u00e9lyegyenl\u0151s\u00e9g, m\u00e9lt\u00e1nyoss\u00e1g, szolidarit\u00e1s.\" \/>\n\t\t<meta property=\"og:type\" content=\"article\" \/>\n\t\t<meta property=\"og:title\" content=\"Sajt\u00f3k\u00f6zlem\u00e9ny - J\u00d3L-L\u00c9T Alap\u00edtv\u00e1ny\" \/>\n\t\t<meta property=\"og:description\" content=\"SAJT\u00d3K\u00d6ZLEM\u00c9NY 2026. augusztus 20. - Veszpr\u00e9m A kir\u00e1lyn\u00e9k v\u00e1rosa eml\u00e9keztet: a n\u0151k nem maradhatatlan l\u00e1thatatlanok az \u00faj alkotm\u00e1nyban sem A t\u00e9nyleges egyenl\u0151s\u00e9ghez nem el\u00e9g a n\u0151k jelenl\u00e9te: jogaiknak, tapasztalataiknak \u00e9s tud\u00e1suknak alak\u00edtaniuk kell az \u00faj alkotm\u00e1nyt - \u00e9s ehhez a f\u00e9rfiak felel\u0151ss\u00e9gv\u00e1llal\u00e1s\u00e1ra is sz\u00fcks\u00e9g van.\" \/>\n\t\t<meta property=\"og:url\" content=\"https:\/\/jol-let.com\/new\/hirek\/sajtokozlemeny\/\" \/>\n\t\t<meta property=\"article:published_time\" content=\"2026-08-26T07:17:05+00:00\" \/>\n\t\t<meta property=\"article:modified_time\" content=\"2026-08-26T07:20:52+00:00\" \/>\n\t\t<meta name=\"twitter:card\" content=\"summary\" \/>\n\t\t<meta name=\"twitter:title\" content=\"Sajt\u00f3k\u00f6zlem\u00e9ny - J\u00d3L-L\u00c9T Alap\u00edtv\u00e1ny\" \/>\n\t\t<meta name=\"twitter:description\" content=\"SAJT\u00d3K\u00d6ZLEM\u00c9NY 2026. augusztus 20. - Veszpr\u00e9m A kir\u00e1lyn\u00e9k v\u00e1rosa eml\u00e9keztet: a n\u0151k nem maradhatatlan l\u00e1thatatlanok az \u00faj alkotm\u00e1nyban sem A t\u00e9nyleges egyenl\u0151s\u00e9ghez nem el\u00e9g a n\u0151k jelenl\u00e9te: jogaiknak, tapasztalataiknak \u00e9s tud\u00e1suknak alak\u00edtaniuk kell az \u00faj alkotm\u00e1nyt - \u00e9s ehhez a f\u00e9rfiak felel\u0151ss\u00e9gv\u00e1llal\u00e1s\u00e1ra is sz\u00fcks\u00e9g van.\" \/>\n\t\t<script type=\"application\/ld+json\" class=\"aioseo-schema\">\n\t\t\t{\"@context\":\"https:\\\/\\\/schema.org\",\"@graph\":[{\"@type\":\"BlogPosting\",\"@id\":\"https:\\\/\\\/jol-let.com\\\/new\\\/hirek\\\/sajtokozlemeny\\\/#blogposting\",\"name\":\"Sajt\\u00f3k\\u00f6zlem\\u00e9ny - J\\u00d3L-L\\u00c9T Alap\\u00edtv\\u00e1ny\",\"headline\":\"Sajt\\u00f3k\\u00f6zlem\\u00e9ny\",\"author\":{\"@id\":\"https:\\\/\\\/jol-let.com\\\/new\\\/author\\\/kevekatika\\\/#author\"},\"publisher\":{\"@id\":\"https:\\\/\\\/jol-let.com\\\/new\\\/#organization\"},\"image\":{\"@type\":\"ImageObject\",\"url\":\"https:\\\/\\\/jol-let.com\\\/new\\\/wp-content\\\/uploads\\\/2021\\\/08\\\/logo-tp.png\",\"@id\":\"https:\\\/\\\/jol-let.com\\\/new\\\/hirek\\\/sajtokozlemeny\\\/#articleImage\",\"width\":330,\"height\":490},\"datePublished\":\"2026-08-26T09:17:05+02:00\",\"dateModified\":\"2026-08-26T09:20:52+02:00\",\"inLanguage\":\"hu-HU\",\"mainEntityOfPage\":{\"@id\":\"https:\\\/\\\/jol-let.com\\\/new\\\/hirek\\\/sajtokozlemeny\\\/#webpage\"},\"isPartOf\":{\"@id\":\"https:\\\/\\\/jol-let.com\\\/new\\\/hirek\\\/sajtokozlemeny\\\/#webpage\"},\"articleSection\":\"H\\u00edrek, Kiemelt, Projektek, Szervezeteknek, Optional\"},{\"@type\":\"BreadcrumbList\",\"@id\":\"https:\\\/\\\/jol-let.com\\\/new\\\/hirek\\\/sajtokozlemeny\\\/#breadcrumblist\",\"itemListElement\":[{\"@type\":\"ListItem\",\"@id\":\"https:\\\/\\\/jol-let.com\\\/new#listItem\",\"position\":1,\"name\":\"Home\",\"item\":\"https:\\\/\\\/jol-let.com\\\/new\",\"nextItem\":{\"@type\":\"ListItem\",\"@id\":\"https:\\\/\\\/jol-let.com\\\/new\\\/tema\\\/hirek\\\/#listItem\",\"name\":\"H\\u00edrek\"}},{\"@type\":\"ListItem\",\"@id\":\"https:\\\/\\\/jol-let.com\\\/new\\\/tema\\\/hirek\\\/#listItem\",\"position\":2,\"name\":\"H\\u00edrek\",\"item\":\"https:\\\/\\\/jol-let.com\\\/new\\\/tema\\\/hirek\\\/\",\"nextItem\":{\"@type\":\"ListItem\",\"@id\":\"https:\\\/\\\/jol-let.com\\\/new\\\/hirek\\\/sajtokozlemeny\\\/#listItem\",\"name\":\"Sajt\\u00f3k\\u00f6zlem\\u00e9ny\"},\"previousItem\":{\"@type\":\"ListItem\",\"@id\":\"https:\\\/\\\/jol-let.com\\\/new#listItem\",\"name\":\"Home\"}},{\"@type\":\"ListItem\",\"@id\":\"https:\\\/\\\/jol-let.com\\\/new\\\/hirek\\\/sajtokozlemeny\\\/#listItem\",\"position\":3,\"name\":\"Sajt\\u00f3k\\u00f6zlem\\u00e9ny\",\"previousItem\":{\"@type\":\"ListItem\",\"@id\":\"https:\\\/\\\/jol-let.com\\\/new\\\/tema\\\/hirek\\\/#listItem\",\"name\":\"H\\u00edrek\"}}]},{\"@type\":\"Organization\",\"@id\":\"https:\\\/\\\/jol-let.com\\\/new\\\/#organization\",\"name\":\"Pagony Multim\\u00e9dia St\\u00fadi\\u00f3\",\"description\":\"Es\\u00e9lyegyenl\\u0151s\\u00e9g, m\\u00e9lt\\u00e1nyoss\\u00e1g, szolidarit\\u00e1s.\",\"url\":\"https:\\\/\\\/jol-let.com\\\/new\\\/\"},{\"@type\":\"Person\",\"@id\":\"https:\\\/\\\/jol-let.com\\\/new\\\/author\\\/kevekatika\\\/#author\",\"url\":\"https:\\\/\\\/jol-let.com\\\/new\\\/author\\\/kevekatika\\\/\",\"name\":\"Keveh\\u00e1zi Kata\",\"image\":{\"@type\":\"ImageObject\",\"@id\":\"https:\\\/\\\/jol-let.com\\\/new\\\/hirek\\\/sajtokozlemeny\\\/#authorImage\",\"url\":\"https:\\\/\\\/secure.gravatar.com\\\/avatar\\\/d0e8606f6313e6bbc20352ba8b06866178e8e2b6dc2096d83a940f02bfcf1254?s=96&d=identicon&r=g\",\"width\":96,\"height\":96,\"caption\":\"Keveh\\u00e1zi Kata\"}},{\"@type\":\"WebPage\",\"@id\":\"https:\\\/\\\/jol-let.com\\\/new\\\/hirek\\\/sajtokozlemeny\\\/#webpage\",\"url\":\"https:\\\/\\\/jol-let.com\\\/new\\\/hirek\\\/sajtokozlemeny\\\/\",\"name\":\"Sajt\\u00f3k\\u00f6zlem\\u00e9ny - J\\u00d3L-L\\u00c9T Alap\\u00edtv\\u00e1ny\",\"description\":\"SAJT\\u00d3K\\u00d6ZLEM\\u00c9NY 2026. augusztus 20. - Veszpr\\u00e9m A kir\\u00e1lyn\\u00e9k v\\u00e1rosa eml\\u00e9keztet: a n\\u0151k nem maradhatatlan l\\u00e1thatatlanok az \\u00faj alkotm\\u00e1nyban sem A t\\u00e9nyleges egyenl\\u0151s\\u00e9ghez nem el\\u00e9g a n\\u0151k jelenl\\u00e9te: jogaiknak, tapasztalataiknak \\u00e9s tud\\u00e1suknak alak\\u00edtaniuk kell az \\u00faj alkotm\\u00e1nyt - \\u00e9s ehhez a f\\u00e9rfiak felel\\u0151ss\\u00e9gv\\u00e1llal\\u00e1s\\u00e1ra is sz\\u00fcks\\u00e9g van.\",\"inLanguage\":\"hu-HU\",\"isPartOf\":{\"@id\":\"https:\\\/\\\/jol-let.com\\\/new\\\/#website\"},\"breadcrumb\":{\"@id\":\"https:\\\/\\\/jol-let.com\\\/new\\\/hirek\\\/sajtokozlemeny\\\/#breadcrumblist\"},\"author\":{\"@id\":\"https:\\\/\\\/jol-let.com\\\/new\\\/author\\\/kevekatika\\\/#author\"},\"creator\":{\"@id\":\"https:\\\/\\\/jol-let.com\\\/new\\\/author\\\/kevekatika\\\/#author\"},\"datePublished\":\"2026-08-26T09:17:05+02:00\",\"dateModified\":\"2026-08-26T09:20:52+02:00\"},{\"@type\":\"WebSite\",\"@id\":\"https:\\\/\\\/jol-let.com\\\/new\\\/#website\",\"url\":\"https:\\\/\\\/jol-let.com\\\/new\\\/\",\"name\":\"J\\u00d3L-L\\u00c9T Alap\\u00edtv\\u00e1ny\",\"alternateName\":\"JOLLET\",\"description\":\"Es\\u00e9lyegyenl\\u0151s\\u00e9g, m\\u00e9lt\\u00e1nyoss\\u00e1g, szolidarit\\u00e1s.\",\"inLanguage\":\"hu-HU\",\"publisher\":{\"@id\":\"https:\\\/\\\/jol-let.com\\\/new\\\/#organization\"}}]}\n\t\t<\/script>\n\t\t<!-- All in One SEO -->\n\n","aioseo_head_json":{"title":"Sajt\u00f3k\u00f6zlem\u00e9ny - J\u00d3L-L\u00c9T Alap\u00edtv\u00e1ny","description":"SAJT\u00d3K\u00d6ZLEM\u00c9NY 2026. augusztus 20. - Veszpr\u00e9m A kir\u00e1lyn\u00e9k v\u00e1rosa eml\u00e9keztet: a n\u0151k nem maradhatatlan l\u00e1thatatlanok az \u00faj alkotm\u00e1nyban sem A t\u00e9nyleges egyenl\u0151s\u00e9ghez nem el\u00e9g a n\u0151k jelenl\u00e9te: jogaiknak, tapasztalataiknak \u00e9s tud\u00e1suknak alak\u00edtaniuk kell az \u00faj alkotm\u00e1nyt - \u00e9s ehhez a f\u00e9rfiak felel\u0151ss\u00e9gv\u00e1llal\u00e1s\u00e1ra is sz\u00fcks\u00e9g van.","canonical_url":"https:\/\/jol-let.com\/new\/hirek\/sajtokozlemeny\/","robots":"max-image-preview:large","keywords":"","webmasterTools":{"miscellaneous":""},"schema":{"@context":"https:\/\/schema.org","@graph":[{"@type":"BlogPosting","@id":"https:\/\/jol-let.com\/new\/hirek\/sajtokozlemeny\/#blogposting","name":"Sajt\u00f3k\u00f6zlem\u00e9ny - J\u00d3L-L\u00c9T Alap\u00edtv\u00e1ny","headline":"Sajt\u00f3k\u00f6zlem\u00e9ny","author":{"@id":"https:\/\/jol-let.com\/new\/author\/kevekatika\/#author"},"publisher":{"@id":"https:\/\/jol-let.com\/new\/#organization"},"image":{"@type":"ImageObject","url":"https:\/\/jol-let.com\/new\/wp-content\/uploads\/2021\/08\/logo-tp.png","@id":"https:\/\/jol-let.com\/new\/hirek\/sajtokozlemeny\/#articleImage","width":330,"height":490},"datePublished":"2026-08-26T09:17:05+02:00","dateModified":"2026-08-26T09:20:52+02:00","inLanguage":"hu-HU","mainEntityOfPage":{"@id":"https:\/\/jol-let.com\/new\/hirek\/sajtokozlemeny\/#webpage"},"isPartOf":{"@id":"https:\/\/jol-let.com\/new\/hirek\/sajtokozlemeny\/#webpage"},"articleSection":"H\u00edrek, Kiemelt, Projektek, Szervezeteknek, Optional"},{"@type":"BreadcrumbList","@id":"https:\/\/jol-let.com\/new\/hirek\/sajtokozlemeny\/#breadcrumblist","itemListElement":[{"@type":"ListItem","@id":"https:\/\/jol-let.com\/new#listItem","position":1,"name":"Home","item":"https:\/\/jol-let.com\/new","nextItem":{"@type":"ListItem","@id":"https:\/\/jol-let.com\/new\/tema\/hirek\/#listItem","name":"H\u00edrek"}},{"@type":"ListItem","@id":"https:\/\/jol-let.com\/new\/tema\/hirek\/#listItem","position":2,"name":"H\u00edrek","item":"https:\/\/jol-let.com\/new\/tema\/hirek\/","nextItem":{"@type":"ListItem","@id":"https:\/\/jol-let.com\/new\/hirek\/sajtokozlemeny\/#listItem","name":"Sajt\u00f3k\u00f6zlem\u00e9ny"},"previousItem":{"@type":"ListItem","@id":"https:\/\/jol-let.com\/new#listItem","name":"Home"}},{"@type":"ListItem","@id":"https:\/\/jol-let.com\/new\/hirek\/sajtokozlemeny\/#listItem","position":3,"name":"Sajt\u00f3k\u00f6zlem\u00e9ny","previousItem":{"@type":"ListItem","@id":"https:\/\/jol-let.com\/new\/tema\/hirek\/#listItem","name":"H\u00edrek"}}]},{"@type":"Organization","@id":"https:\/\/jol-let.com\/new\/#organization","name":"Pagony Multim\u00e9dia St\u00fadi\u00f3","description":"Es\u00e9lyegyenl\u0151s\u00e9g, m\u00e9lt\u00e1nyoss\u00e1g, szolidarit\u00e1s.","url":"https:\/\/jol-let.com\/new\/"},{"@type":"Person","@id":"https:\/\/jol-let.com\/new\/author\/kevekatika\/#author","url":"https:\/\/jol-let.com\/new\/author\/kevekatika\/","name":"Keveh\u00e1zi Kata","image":{"@type":"ImageObject","@id":"https:\/\/jol-let.com\/new\/hirek\/sajtokozlemeny\/#authorImage","url":"https:\/\/secure.gravatar.com\/avatar\/d0e8606f6313e6bbc20352ba8b06866178e8e2b6dc2096d83a940f02bfcf1254?s=96&d=identicon&r=g","width":96,"height":96,"caption":"Keveh\u00e1zi Kata"}},{"@type":"WebPage","@id":"https:\/\/jol-let.com\/new\/hirek\/sajtokozlemeny\/#webpage","url":"https:\/\/jol-let.com\/new\/hirek\/sajtokozlemeny\/","name":"Sajt\u00f3k\u00f6zlem\u00e9ny - J\u00d3L-L\u00c9T Alap\u00edtv\u00e1ny","description":"SAJT\u00d3K\u00d6ZLEM\u00c9NY 2026. augusztus 20. - Veszpr\u00e9m A kir\u00e1lyn\u00e9k v\u00e1rosa eml\u00e9keztet: a n\u0151k nem maradhatatlan l\u00e1thatatlanok az \u00faj alkotm\u00e1nyban sem A t\u00e9nyleges egyenl\u0151s\u00e9ghez nem el\u00e9g a n\u0151k jelenl\u00e9te: jogaiknak, tapasztalataiknak \u00e9s tud\u00e1suknak alak\u00edtaniuk kell az \u00faj alkotm\u00e1nyt - \u00e9s ehhez a f\u00e9rfiak felel\u0151ss\u00e9gv\u00e1llal\u00e1s\u00e1ra is sz\u00fcks\u00e9g van.","inLanguage":"hu-HU","isPartOf":{"@id":"https:\/\/jol-let.com\/new\/#website"},"breadcrumb":{"@id":"https:\/\/jol-let.com\/new\/hirek\/sajtokozlemeny\/#breadcrumblist"},"author":{"@id":"https:\/\/jol-let.com\/new\/author\/kevekatika\/#author"},"creator":{"@id":"https:\/\/jol-let.com\/new\/author\/kevekatika\/#author"},"datePublished":"2026-08-26T09:17:05+02:00","dateModified":"2026-08-26T09:20:52+02:00"},{"@type":"WebSite","@id":"https:\/\/jol-let.com\/new\/#website","url":"https:\/\/jol-let.com\/new\/","name":"J\u00d3L-L\u00c9T Alap\u00edtv\u00e1ny","alternateName":"JOLLET","description":"Es\u00e9lyegyenl\u0151s\u00e9g, m\u00e9lt\u00e1nyoss\u00e1g, szolidarit\u00e1s.","inLanguage":"hu-HU","publisher":{"@id":"https:\/\/jol-let.com\/new\/#organization"}}]},"og:locale":"hu_HU","og:site_name":"J\u00d3L-L\u00c9T Alap\u00edtv\u00e1ny - Es\u00e9lyegyenl\u0151s\u00e9g, m\u00e9lt\u00e1nyoss\u00e1g, szolidarit\u00e1s.","og:type":"article","og:title":"Sajt\u00f3k\u00f6zlem\u00e9ny - J\u00d3L-L\u00c9T Alap\u00edtv\u00e1ny","og:description":"SAJT\u00d3K\u00d6ZLEM\u00c9NY 2026. augusztus 20. - Veszpr\u00e9m A kir\u00e1lyn\u00e9k v\u00e1rosa eml\u00e9keztet: a n\u0151k nem maradhatatlan l\u00e1thatatlanok az \u00faj alkotm\u00e1nyban sem A t\u00e9nyleges egyenl\u0151s\u00e9ghez nem el\u00e9g a n\u0151k jelenl\u00e9te: jogaiknak, tapasztalataiknak \u00e9s tud\u00e1suknak alak\u00edtaniuk kell az \u00faj alkotm\u00e1nyt - \u00e9s ehhez a f\u00e9rfiak felel\u0151ss\u00e9gv\u00e1llal\u00e1s\u00e1ra is sz\u00fcks\u00e9g van.","og:url":"https:\/\/jol-let.com\/new\/hirek\/sajtokozlemeny\/","article:published_time":"2026-08-26T07:17:05+00:00","article:modified_time":"2026-08-26T07:20:52+00:00","twitter:card":"summary","twitter:title":"Sajt\u00f3k\u00f6zlem\u00e9ny - J\u00d3L-L\u00c9T Alap\u00edtv\u00e1ny","twitter:description":"SAJT\u00d3K\u00d6ZLEM\u00c9NY 2026. augusztus 20. - Veszpr\u00e9m A kir\u00e1lyn\u00e9k v\u00e1rosa eml\u00e9keztet: a n\u0151k nem maradhatatlan l\u00e1thatatlanok az \u00faj alkotm\u00e1nyban sem A t\u00e9nyleges egyenl\u0151s\u00e9ghez nem el\u00e9g a n\u0151k jelenl\u00e9te: jogaiknak, tapasztalataiknak \u00e9s tud\u00e1suknak alak\u00edtaniuk kell az \u00faj alkotm\u00e1nyt - \u00e9s ehhez a f\u00e9rfiak felel\u0151ss\u00e9gv\u00e1llal\u00e1s\u00e1ra is sz\u00fcks\u00e9g van."},"aioseo_meta_data":{"post_id":"10485","title":null,"description":null,"keywords":null,"keyphrases":{"focus":{"keyphrase":"","score":0,"analysis":{"keyphraseInTitle":{"score":0,"maxScore":9,"error":1}}},"additional":[]},"canonical_url":null,"og_title":null,"og_description":null,"og_object_type":"default","og_image_type":"default","og_image_custom_url":null,"og_image_custom_fields":null,"og_custom_image_width":null,"og_custom_image_height":null,"og_video":"","og_custom_url":null,"og_article_section":null,"og_article_tags":null,"twitter_use_og":false,"twitter_card":"default","twitter_image_type":"default","twitter_image_custom_url":null,"twitter_image_custom_fields":null,"twitter_title":null,"twitter_description":null,"schema_type":"default","schema_type_options":null,"pillar_content":false,"robots_default":true,"robots_noindex":false,"robots_noarchive":false,"robots_nosnippet":false,"robots_nofollow":false,"robots_noimageindex":false,"robots_noodp":false,"robots_notranslate":false,"robots_max_snippet":"-1","robots_max_videopreview":"-1","robots_max_imagepreview":"large","priority":null,"frequency":"default","location":null,"local_seo":null,"created":"2026-08-26 07:12:40","updated":"2026-08-29 08:19:07","primary_term":null,"og_image_url":null,"og_image_width":null,"og_image_height":null,"twitter_image_url":null,"schema":{"blockGraphs":[],"customGraphs":[],"default":{"data":{"Article":[],"Course":[],"Dataset":[],"FAQPage":[],"Movie":[],"Person":[],"Product":[],"ProductReview":[],"Car":[],"Recipe":[],"Service":[],"SoftwareApplication":[],"WebPage":[]},"graphName":"BlogPosting","isEnabled":true},"graphs":[]},"limit_modified_date":false,"ai":{"faqs":[],"keyPoints":[],"schemas":[],"titles":[],"descriptions":[],"socialPosts":{"email":{"subject":"","preview":"","content":""},"linkedin":[],"twitter":[],"facebook":[],"instagram":[]}},"breadcrumb_settings":null,"seo_analyzer_scan_date":null},"_links":{"self":[{"href":"https:\/\/jol-let.com\/new\/wp-json\/wp\/v2\/posts\/10485","targetHints":{"allow":["GET"]}}],"collection":[{"href":"https:\/\/jol-let.com\/new\/wp-json\/wp\/v2\/posts"}],"about":[{"href":"https:\/\/jol-let.com\/new\/wp-json\/wp\/v2\/types\/post"}],"author":[{"embeddable":true,"href":"https:\/\/jol-let.com\/new\/wp-json\/wp\/v2\/users\/14"}],"replies":[{"embeddable":true,"href":"https:\/\/jol-let.com\/new\/wp-json\/wp\/v2\/comments?post=10485"}],"version-history":[{"count":8,"href":"https:\/\/jol-let.com\/new\/wp-json\/wp\/v2\/posts\/10485\/revisions"}],"predecessor-version":[{"id":10495,"href":"https:\/\/jol-let.com\/new\/wp-json\/wp\/v2\/posts\/10485\/revisions\/10495"}],"wp:attachment":[{"href":"https:\/\/jol-let.com\/new\/wp-json\/wp\/v2\/media?parent=10485"}],"wp:term":[{"taxonomy":"category","embeddable":true,"href":"https:\/\/jol-let.com\/new\/wp-json\/wp\/v2\/categories?post=10485"},{"taxonomy":"post_tag","embeddable":true,"href":"https:\/\/jol-let.com\/new\/wp-json\/wp\/v2\/tags?post=10485"}],"curies":[{"name":"wp","href":"https:\/\/api.w.org\/{rel}","templated":true}]}}